{"id":3029,"date":"2017-05-02T19:19:17","date_gmt":"2017-05-02T17:19:17","guid":{"rendered":"https:\/\/www.base-reals.com\/?p=3029\/"},"modified":"2017-05-02T19:19:17","modified_gmt":"2017-05-02T17:19:17","slug":"des-journees-de-loisirs-sportifs-a-la-base-de-reals","status":"publish","type":"post","link":"https:\/\/www.base-reals.com\/en\/press\/des-journees-de-loisirs-sportifs-a-la-base-de-reals\/","title":{"rendered":"Des journ\u00e9es de loisirs sportifs \u00e0 la base de R\u00e9als"},"content":{"rendered":"<p>Source: <a href=\"http:\/\/www.midilibre.fr\/2016\/01\/29\/cessenon-des-journees-de-loisirs-sportifs-a-la-base-de-reals,1278028.php\" target=\"_blank\" rel=\"noopener noreferrer\">Cessenon : des journ\u00e9es de loisirs sportifs \u00e0 la base de R\u00e9als<\/a><\/p>\n<div>\n<p>A l&#8217;heure des vacances au ski, la base de R\u00e9als n&#8217;oublie pas ceux et celles qui n&#8217;appr\u00e9cient gu\u00e8re les glissades enneig\u00e9es. Elle proposera des stages d&#8217;activit\u00e9s en pleine nature. L&#8217;\u00e9quipe de moniteurs proposera ainsi aux prochaines vacances de f\u00e9vrier, de d\u00e9couvrir la vall\u00e9e de l&#8217;Orb et ses environs au travers des activit\u00e9s de loisirs en plein air. Au programme\u00a0: escalade, slackline, course d&#8217;orientation, sp\u00e9l\u00e9ologie, raid multisports nature, sarbacane\u2026 Ces journ\u00e9es qui combinent \u00a0pratique sportive, d\u00e9couverte du milieu naturel et apprentissage de la vie de groupe seront accessibles aux jeunes \u00e2g\u00e9s de 10 \u00e0 14 ans et se d\u00e9rouleront du <strong>22 au 26 f\u00e9vrier<\/strong>. L&#8217;accueil se fera tous les matins \u00e0 <strong>8h30<\/strong> sur la base pour une fin de journ\u00e9e \u00e0 <strong>18h00<\/strong>. Pour toutes informations, contacter la base de R\u00e9als au 04 67 89 61 65 ou <a href=\"https:\/\/www.base-reals.com\">www.base-reals.com<\/a><\/p>\n<p>&nbsp;<\/p>\n<p>&nbsp;<\/p>\n<p>&nbsp;<\/p>\n<\/div>\n","protected":false},"excerpt":{"rendered":"<p>Source: Cessenon : des journ\u00e9es de loisirs sportifs \u00e0 la base de R\u00e9als A l&#8217;heure des vacances au ski, la base de R\u00e9als n&#8217;oublie pas ceux et celles qui n&#8217;appr\u00e9cient gu\u00e8re les glissades enneig\u00e9es. Elle proposera des stages d&#8217;activit\u00e9s en pleine nature. L&#8217;\u00e9quipe de moniteurs proposera ainsi aux prochaines vacances de f\u00e9vrier, de d\u00e9couvrir la [&hellip;]<\/p>\n","protected":false},"author":1,"featured_media":2850,"comment_status":"closed","ping_status":"closed","sticky":false,"template":"","format":"standard","meta":{"footnotes":""},"categories":[105],"tags":[],"class_list":["post-3029","post","type-post","status-publish","format-standard","has-post-thumbnail","hentry","category-press"],"yoast_head":"<!-- This site is optimized with the Yoast SEO plugin v26.9 - https:\/\/yoast.com\/product\/yoast-seo-wordpress\/ -->\n<title>Des journ\u00e9es de loisirs sportifs \u00e0 la base de R\u00e9als - R\u00e9als Cano\u00eb Kayak<\/title>\n<meta name=\"description\" content=\"Source: Cessenon : des journ\u00e9es de loisirs sportifs \u00e0 la base de R\u00e9als A l&#039;heure des vacances au ski, la base de R\u00e9als n&#039;oublie pas ceux et celles qui\" \/>\n<meta name=\"robots\" content=\"index, follow, max-snippet:-1, max-image-preview:large, max-video-preview:-1\" \/>\n<link rel=\"canonical\" href=\"https:\/\/www.base-reals.com\/en\/press\/des-journees-de-loisirs-sportifs-a-la-base-de-reals\/\" \/>\n<meta property=\"og:locale\" content=\"en_US\" \/>\n<meta property=\"og:type\" content=\"article\" \/>\n<meta property=\"og:title\" content=\"Des journ\u00e9es de loisirs sportifs \u00e0 la base de R\u00e9als - R\u00e9als Cano\u00eb Kayak\" \/>\n<meta property=\"og:description\" content=\"Source: Cessenon : des journ\u00e9es de loisirs sportifs \u00e0 la base de R\u00e9als A l&#039;heure des vacances au ski, la base de R\u00e9als n&#039;oublie pas ceux et celles qui\" \/>\n<meta property=\"og:url\" content=\"https:\/\/www.base-reals.com\/en\/press\/des-journees-de-loisirs-sportifs-a-la-base-de-reals\/\" \/>\n<meta property=\"og:site_name\" content=\"R\u00e9als Cano\u00eb Kayak\" \/>\n<meta property=\"article:publisher\" content=\"https:\/\/www.facebook.com\/RealsCanoeKayak\/\" \/>\n<meta property=\"article:published_time\" content=\"2017-05-02T17:19:17+00:00\" \/>\n<meta property=\"og:image\" content=\"https:\/\/www.base-reals.com\/wp-content\/uploads\/2017\/04\/durant-ces-journees-la-speleo-sera-a-l-honneur_1763122_667x333.jpg\" \/>\n\t<meta property=\"og:image:width\" content=\"667\" \/>\n\t<meta property=\"og:image:height\" content=\"333\" \/>\n\t<meta property=\"og:image:type\" content=\"image\/jpeg\" \/>\n<meta name=\"author\" content=\"R\u00e9als CK\" \/>\n<meta name=\"twitter:card\" content=\"summary_large_image\" \/>\n<meta name=\"twitter:creator\" content=\"@RealsCanoeKayak\" \/>\n<meta name=\"twitter:site\" content=\"@RealsCanoeKayak\" \/>\n<meta name=\"twitter:label1\" content=\"Written by\" \/>\n\t<meta name=\"twitter:data1\" content=\"R\u00e9als CK\" \/>\n\t<meta name=\"twitter:label2\" content=\"Est. reading time\" \/>\n\t<meta name=\"twitter:data2\" content=\"1 minute\" \/>\n<script type=\"application\/ld+json\" class=\"yoast-schema-graph\">{\"@context\":\"https:\/\/schema.org\",\"@graph\":[{\"@type\":\"Article\",\"@id\":\"https:\/\/www.base-reals.com\/en\/press\/des-journees-de-loisirs-sportifs-a-la-base-de-reals\/#article\",\"isPartOf\":{\"@id\":\"https:\/\/www.base-reals.com\/en\/press\/des-journees-de-loisirs-sportifs-a-la-base-de-reals\/\"},\"author\":{\"name\":\"R\u00e9als CK\",\"@id\":\"https:\/\/www.base-reals.com\/#\/schema\/person\/ea01cc2b4726c86460e7cba4bcd8fa58\"},\"headline\":\"Des journ\u00e9es de loisirs sportifs \u00e0 la base de R\u00e9als\",\"datePublished\":\"2017-05-02T17:19:17+00:00\",\"mainEntityOfPage\":{\"@id\":\"https:\/\/www.base-reals.com\/en\/press\/des-journees-de-loisirs-sportifs-a-la-base-de-reals\/\"},\"wordCount\":173,\"publisher\":{\"@id\":\"https:\/\/www.base-reals.com\/#organization\"},\"image\":{\"@id\":\"https:\/\/www.base-reals.com\/en\/press\/des-journees-de-loisirs-sportifs-a-la-base-de-reals\/#primaryimage\"},\"thumbnailUrl\":\"https:\/\/www.base-reals.com\/wp-content\/uploads\/2017\/04\/durant-ces-journees-la-speleo-sera-a-l-honneur_1763122_667x333.jpg\",\"articleSection\":[\"Press\"],\"inLanguage\":\"en-US\"},{\"@type\":\"WebPage\",\"@id\":\"https:\/\/www.base-reals.com\/en\/press\/des-journees-de-loisirs-sportifs-a-la-base-de-reals\/\",\"url\":\"https:\/\/www.base-reals.com\/en\/press\/des-journees-de-loisirs-sportifs-a-la-base-de-reals\/\",\"name\":\"Des journ\u00e9es de loisirs sportifs \u00e0 la base de R\u00e9als - R\u00e9als Cano\u00eb Kayak\",\"isPartOf\":{\"@id\":\"https:\/\/www.base-reals.com\/#website\"},\"primaryImageOfPage\":{\"@id\":\"https:\/\/www.base-reals.com\/en\/press\/des-journees-de-loisirs-sportifs-a-la-base-de-reals\/#primaryimage\"},\"image\":{\"@id\":\"https:\/\/www.base-reals.com\/en\/press\/des-journees-de-loisirs-sportifs-a-la-base-de-reals\/#primaryimage\"},\"thumbnailUrl\":\"https:\/\/www.base-reals.com\/wp-content\/uploads\/2017\/04\/durant-ces-journees-la-speleo-sera-a-l-honneur_1763122_667x333.jpg\",\"datePublished\":\"2017-05-02T17:19:17+00:00\",\"description\":\"Source: Cessenon : des journ\u00e9es de loisirs sportifs \u00e0 la base de R\u00e9als A l'heure des vacances au ski, la base de R\u00e9als n'oublie pas ceux et celles qui\",\"breadcrumb\":{\"@id\":\"https:\/\/www.base-reals.com\/en\/press\/des-journees-de-loisirs-sportifs-a-la-base-de-reals\/#breadcrumb\"},\"inLanguage\":\"en-US\",\"potentialAction\":[{\"@type\":\"ReadAction\",\"target\":[\"https:\/\/www.base-reals.com\/en\/press\/des-journees-de-loisirs-sportifs-a-la-base-de-reals\/\"]}]},{\"@type\":\"ImageObject\",\"inLanguage\":\"en-US\",\"@id\":\"https:\/\/www.base-reals.com\/en\/press\/des-journees-de-loisirs-sportifs-a-la-base-de-reals\/#primaryimage\",\"url\":\"https:\/\/www.base-reals.com\/wp-content\/uploads\/2017\/04\/durant-ces-journees-la-speleo-sera-a-l-honneur_1763122_667x333.jpg\",\"contentUrl\":\"https:\/\/www.base-reals.com\/wp-content\/uploads\/2017\/04\/durant-ces-journees-la-speleo-sera-a-l-honneur_1763122_667x333.jpg\",\"width\":667,\"height\":333},{\"@type\":\"BreadcrumbList\",\"@id\":\"https:\/\/www.base-reals.com\/en\/press\/des-journees-de-loisirs-sportifs-a-la-base-de-reals\/#breadcrumb\",\"itemListElement\":[{\"@type\":\"ListItem\",\"position\":1,\"name\":\"Accueil\",\"item\":\"https:\/\/www.base-reals.com\/en\/\"},{\"@type\":\"ListItem\",\"position\":2,\"name\":\"Des journ\u00e9es de loisirs sportifs \u00e0 la base de R\u00e9als\"}]},{\"@type\":\"WebSite\",\"@id\":\"https:\/\/www.base-reals.com\/#website\",\"url\":\"https:\/\/www.base-reals.com\/\",\"name\":\"R\u00e9als Cano\u00eb Kayak\",\"description\":\"Location de cano\u00eb dans la vall\u00e9e de l&#039;Orb, Cessenon sur Orb.\",\"publisher\":{\"@id\":\"https:\/\/www.base-reals.com\/#organization\"},\"potentialAction\":[{\"@type\":\"SearchAction\",\"target\":{\"@type\":\"EntryPoint\",\"urlTemplate\":\"https:\/\/www.base-reals.com\/?s={search_term_string}\"},\"query-input\":{\"@type\":\"PropertyValueSpecification\",\"valueRequired\":true,\"valueName\":\"search_term_string\"}}],\"inLanguage\":\"en-US\"},{\"@type\":\"Organization\",\"@id\":\"https:\/\/www.base-reals.com\/#organization\",\"name\":\"R\u00e9als Cano\u00eb Kayak\",\"url\":\"https:\/\/www.base-reals.com\/\",\"logo\":{\"@type\":\"ImageObject\",\"inLanguage\":\"en-US\",\"@id\":\"https:\/\/www.base-reals.com\/#\/schema\/logo\/image\/\",\"url\":\"https:\/\/www.base-reals.com\/wp-content\/uploads\/2017\/04\/canoe-reals-logo.png\",\"contentUrl\":\"https:\/\/www.base-reals.com\/wp-content\/uploads\/2017\/04\/canoe-reals-logo.png\",\"width\":519,\"height\":448,\"caption\":\"R\u00e9als Cano\u00eb Kayak\"},\"image\":{\"@id\":\"https:\/\/www.base-reals.com\/#\/schema\/logo\/image\/\"},\"sameAs\":[\"https:\/\/www.facebook.com\/RealsCanoeKayak\/\",\"https:\/\/x.com\/RealsCanoeKayak\",\"https:\/\/fr.pinterest.com\/realscanoekayak\/\",\"https:\/\/www.youtube.com\/user\/realscanoekayak\"]},{\"@type\":\"Person\",\"@id\":\"https:\/\/www.base-reals.com\/#\/schema\/person\/ea01cc2b4726c86460e7cba4bcd8fa58\",\"name\":\"R\u00e9als CK\",\"image\":{\"@type\":\"ImageObject\",\"inLanguage\":\"en-US\",\"@id\":\"https:\/\/www.base-reals.com\/#\/schema\/person\/image\/\",\"url\":\"https:\/\/secure.gravatar.com\/avatar\/1700654a60f5c515d78ff8cdf2a9332fda38abe91c36d4a4c22cfbe0616c9815?s=96&d=mm&r=g\",\"contentUrl\":\"https:\/\/secure.gravatar.com\/avatar\/1700654a60f5c515d78ff8cdf2a9332fda38abe91c36d4a4c22cfbe0616c9815?s=96&d=mm&r=g\",\"caption\":\"R\u00e9als CK\"}}]}<\/script>\n<!-- \/ Yoast SEO plugin. -->","yoast_head_json":{"title":"Des journ\u00e9es de loisirs sportifs \u00e0 la base de R\u00e9als - R\u00e9als Cano\u00eb Kayak","description":"Source: Cessenon : des journ\u00e9es de loisirs sportifs \u00e0 la base de R\u00e9als A l'heure des vacances au ski, la base de R\u00e9als n'oublie pas ceux et celles qui","robots":{"index":"index","follow":"follow","max-snippet":"max-snippet:-1","max-image-preview":"max-image-preview:large","max-video-preview":"max-video-preview:-1"},"canonical":"https:\/\/www.base-reals.com\/en\/press\/des-journees-de-loisirs-sportifs-a-la-base-de-reals\/","og_locale":"en_US","og_type":"article","og_title":"Des journ\u00e9es de loisirs sportifs \u00e0 la base de R\u00e9als - R\u00e9als Cano\u00eb Kayak","og_description":"Source: Cessenon : des journ\u00e9es de loisirs sportifs \u00e0 la base de R\u00e9als A l'heure des vacances au ski, la base de R\u00e9als n'oublie pas ceux et celles qui","og_url":"https:\/\/www.base-reals.com\/en\/press\/des-journees-de-loisirs-sportifs-a-la-base-de-reals\/","og_site_name":"R\u00e9als Cano\u00eb Kayak","article_publisher":"https:\/\/www.facebook.com\/RealsCanoeKayak\/","article_published_time":"2017-05-02T17:19:17+00:00","og_image":[{"width":667,"height":333,"url":"https:\/\/www.base-reals.com\/wp-content\/uploads\/2017\/04\/durant-ces-journees-la-speleo-sera-a-l-honneur_1763122_667x333.jpg","type":"image\/jpeg"}],"author":"R\u00e9als CK","twitter_card":"summary_large_image","twitter_creator":"@RealsCanoeKayak","twitter_site":"@RealsCanoeKayak","twitter_misc":{"Written by":"R\u00e9als CK","Est. reading time":"1 minute"},"schema":{"@context":"https:\/\/schema.org","@graph":[{"@type":"Article","@id":"https:\/\/www.base-reals.com\/en\/press\/des-journees-de-loisirs-sportifs-a-la-base-de-reals\/#article","isPartOf":{"@id":"https:\/\/www.base-reals.com\/en\/press\/des-journees-de-loisirs-sportifs-a-la-base-de-reals\/"},"author":{"name":"R\u00e9als CK","@id":"https:\/\/www.base-reals.com\/#\/schema\/person\/ea01cc2b4726c86460e7cba4bcd8fa58"},"headline":"Des journ\u00e9es de loisirs sportifs \u00e0 la base de R\u00e9als","datePublished":"2017-05-02T17:19:17+00:00","mainEntityOfPage":{"@id":"https:\/\/www.base-reals.com\/en\/press\/des-journees-de-loisirs-sportifs-a-la-base-de-reals\/"},"wordCount":173,"publisher":{"@id":"https:\/\/www.base-reals.com\/#organization"},"image":{"@id":"https:\/\/www.base-reals.com\/en\/press\/des-journees-de-loisirs-sportifs-a-la-base-de-reals\/#primaryimage"},"thumbnailUrl":"https:\/\/www.base-reals.com\/wp-content\/uploads\/2017\/04\/durant-ces-journees-la-speleo-sera-a-l-honneur_1763122_667x333.jpg","articleSection":["Press"],"inLanguage":"en-US"},{"@type":"WebPage","@id":"https:\/\/www.base-reals.com\/en\/press\/des-journees-de-loisirs-sportifs-a-la-base-de-reals\/","url":"https:\/\/www.base-reals.com\/en\/press\/des-journees-de-loisirs-sportifs-a-la-base-de-reals\/","name":"Des journ\u00e9es de loisirs sportifs \u00e0 la base de R\u00e9als - R\u00e9als Cano\u00eb Kayak","isPartOf":{"@id":"https:\/\/www.base-reals.com\/#website"},"primaryImageOfPage":{"@id":"https:\/\/www.base-reals.com\/en\/press\/des-journees-de-loisirs-sportifs-a-la-base-de-reals\/#primaryimage"},"image":{"@id":"https:\/\/www.base-reals.com\/en\/press\/des-journees-de-loisirs-sportifs-a-la-base-de-reals\/#primaryimage"},"thumbnailUrl":"https:\/\/www.base-reals.com\/wp-content\/uploads\/2017\/04\/durant-ces-journees-la-speleo-sera-a-l-honneur_1763122_667x333.jpg","datePublished":"2017-05-02T17:19:17+00:00","description":"Source: Cessenon : des journ\u00e9es de loisirs sportifs \u00e0 la base de R\u00e9als A l'heure des vacances au ski, la base de R\u00e9als n'oublie pas ceux et celles qui","breadcrumb":{"@id":"https:\/\/www.base-reals.com\/en\/press\/des-journees-de-loisirs-sportifs-a-la-base-de-reals\/#breadcrumb"},"inLanguage":"en-US","potentialAction":[{"@type":"ReadAction","target":["https:\/\/www.base-reals.com\/en\/press\/des-journees-de-loisirs-sportifs-a-la-base-de-reals\/"]}]},{"@type":"ImageObject","inLanguage":"en-US","@id":"https:\/\/www.base-reals.com\/en\/press\/des-journees-de-loisirs-sportifs-a-la-base-de-reals\/#primaryimage","url":"https:\/\/www.base-reals.com\/wp-content\/uploads\/2017\/04\/durant-ces-journees-la-speleo-sera-a-l-honneur_1763122_667x333.jpg","contentUrl":"https:\/\/www.base-reals.com\/wp-content\/uploads\/2017\/04\/durant-ces-journees-la-speleo-sera-a-l-honneur_1763122_667x333.jpg","width":667,"height":333},{"@type":"BreadcrumbList","@id":"https:\/\/www.base-reals.com\/en\/press\/des-journees-de-loisirs-sportifs-a-la-base-de-reals\/#breadcrumb","itemListElement":[{"@type":"ListItem","position":1,"name":"Accueil","item":"https:\/\/www.base-reals.com\/en\/"},{"@type":"ListItem","position":2,"name":"Des journ\u00e9es de loisirs sportifs \u00e0 la base de R\u00e9als"}]},{"@type":"WebSite","@id":"https:\/\/www.base-reals.com\/#website","url":"https:\/\/www.base-reals.com\/","name":"R\u00e9als Cano\u00eb Kayak","description":"Location de cano\u00eb dans la vall\u00e9e de l&#039;Orb, Cessenon sur Orb.","publisher":{"@id":"https:\/\/www.base-reals.com\/#organization"},"potentialAction":[{"@type":"SearchAction","target":{"@type":"EntryPoint","urlTemplate":"https:\/\/www.base-reals.com\/?s={search_term_string}"},"query-input":{"@type":"PropertyValueSpecification","valueRequired":true,"valueName":"search_term_string"}}],"inLanguage":"en-US"},{"@type":"Organization","@id":"https:\/\/www.base-reals.com\/#organization","name":"R\u00e9als Cano\u00eb Kayak","url":"https:\/\/www.base-reals.com\/","logo":{"@type":"ImageObject","inLanguage":"en-US","@id":"https:\/\/www.base-reals.com\/#\/schema\/logo\/image\/","url":"https:\/\/www.base-reals.com\/wp-content\/uploads\/2017\/04\/canoe-reals-logo.png","contentUrl":"https:\/\/www.base-reals.com\/wp-content\/uploads\/2017\/04\/canoe-reals-logo.png","width":519,"height":448,"caption":"R\u00e9als Cano\u00eb Kayak"},"image":{"@id":"https:\/\/www.base-reals.com\/#\/schema\/logo\/image\/"},"sameAs":["https:\/\/www.facebook.com\/RealsCanoeKayak\/","https:\/\/x.com\/RealsCanoeKayak","https:\/\/fr.pinterest.com\/realscanoekayak\/","https:\/\/www.youtube.com\/user\/realscanoekayak"]},{"@type":"Person","@id":"https:\/\/www.base-reals.com\/#\/schema\/person\/ea01cc2b4726c86460e7cba4bcd8fa58","name":"R\u00e9als CK","image":{"@type":"ImageObject","inLanguage":"en-US","@id":"https:\/\/www.base-reals.com\/#\/schema\/person\/image\/","url":"https:\/\/secure.gravatar.com\/avatar\/1700654a60f5c515d78ff8cdf2a9332fda38abe91c36d4a4c22cfbe0616c9815?s=96&d=mm&r=g","contentUrl":"https:\/\/secure.gravatar.com\/avatar\/1700654a60f5c515d78ff8cdf2a9332fda38abe91c36d4a4c22cfbe0616c9815?s=96&d=mm&r=g","caption":"R\u00e9als CK"}}]}},"_links":{"self":[{"href":"https:\/\/www.base-reals.com\/en\/wp-json\/wp\/v2\/posts\/3029","targetHints":{"allow":["GET"]}}],"collection":[{"href":"https:\/\/www.base-reals.com\/en\/wp-json\/wp\/v2\/posts"}],"about":[{"href":"https:\/\/www.base-reals.com\/en\/wp-json\/wp\/v2\/types\/post"}],"author":[{"embeddable":true,"href":"https:\/\/www.base-reals.com\/en\/wp-json\/wp\/v2\/users\/1"}],"replies":[{"embeddable":true,"href":"https:\/\/www.base-reals.com\/en\/wp-json\/wp\/v2\/comments?post=3029"}],"version-history":[{"count":0,"href":"https:\/\/www.base-reals.com\/en\/wp-json\/wp\/v2\/posts\/3029\/revisions"}],"wp:featuredmedia":[{"embeddable":true,"href":"https:\/\/www.base-reals.com\/en\/wp-json\/wp\/v2\/media\/2850"}],"wp:attachment":[{"href":"https:\/\/www.base-reals.com\/en\/wp-json\/wp\/v2\/media?parent=3029"}],"wp:term":[{"taxonomy":"category","embeddable":true,"href":"https:\/\/www.base-reals.com\/en\/wp-json\/wp\/v2\/categories?post=3029"},{"taxonomy":"post_tag","embeddable":true,"href":"https:\/\/www.base-reals.com\/en\/wp-json\/wp\/v2\/tags?post=3029"}],"curies":[{"name":"wp","href":"https:\/\/api.w.org\/{rel}","templated":true}]}}