{"id":3354,"date":"2018-03-05T12:46:25","date_gmt":"2018-03-05T11:46:25","guid":{"rendered":"https:\/\/www.base-reals.com\/?p=3354"},"modified":"2018-03-05T12:46:25","modified_gmt":"2018-03-05T11:46:25","slug":"cessenon-organise-national-3-de-canoe-kayak-a-reals","status":"publish","type":"post","link":"https:\/\/www.base-reals.com\/en\/press\/cessenon-organise-national-3-de-canoe-kayak-a-reals\/","title":{"rendered":"Cessenon organise le National 3 de cano\u00eb kayak \u00e0 R\u00e9als"},"content":{"rendered":"<p>Source: <a href=\"http:\/\/www.midilibre.fr\/2017\/03\/06\/cessenon-national-3-de-canoe-kayak-a-reals,1474691.php\" target=\"_blank\" rel=\"noopener noreferrer\">Cessenon organise le National 3 de cano\u00eb kayak \u00e0 R\u00e9als<\/a><\/p>\n<div>\n<p>La saison 2017 de cano\u00eb kayak est lanc\u00e9e et les athl\u00e8tes cessenonais s&#8217;entra\u00eenent pour progresser dans le classement par points afin d&#8217;atteindre les quotas d&#8217;acc\u00e8s aux championnats de France \u00e0 l&#8217;Argenti\u00e8re-la-Bess\u00e9e au mois de juillet. Les comp\u00e9titeurs sont class\u00e9s suivant leurs performances en 4 cat\u00e9gories N1, N2 N3 et r\u00e9gional. Pour le grand Sud-Ouest, le N3 organis\u00e9 par le CKCC, d\u00e9butera le week-end des 18 et 19 mars, sur le bassin de R\u00e9als.<\/p>\n<p>C&#8217;est une \u00e9quipe d&#8217;une cinquantaine de b\u00e9n\u00e9voles qui sera mobilis\u00e9e pour g\u00e9rer cette course avec le soutien d&#8217;H\u00e9rault Sports, la municipalit\u00e9, le comit\u00e9 r\u00e9gional Occitanie, le comit\u00e9 d\u00e9partemental de cano\u00eb kayak et la base de R\u00e9als. Suite aux crues \u00e0 r\u00e9p\u00e9tions, les permanents de la base d\u00e9partementale, les b\u00e9n\u00e9voles du club local et les cadres techniques r\u00e9gionaux ont mis les bouch\u00e9es doubles pour remettre les installations en \u00e9tat, o\u00f9 plus de 150 participants sont attendus. Le samedi sera consacr\u00e9 aux entra\u00eenements libres.<\/p>\n<p>Dimanche \u00e0 9h00, la premi\u00e8re course sera une manche de qualification, la meilleure moiti\u00e9 des comp\u00e9titeurs acc\u00e9dera \u00e0 la finale A et l&#8217;autre moiti\u00e9 \u00e0 la finale B.La fin des finales est pr\u00e9vue vers 16h00. C\u00f4t\u00e9 cessenonais, c&#8217;est une quinzaine de comp\u00e9titeurs qui tenteront de se mettre en valeur \u00e0 domicile. Notamment Ma\u00ebva Bachelot actuellement 15e cadette fran\u00e7aise, Guilhem Viguier 53e cadet fran\u00e7ais ainsi que le junior Gr\u00e9goire Pouille. Chez les plus jeunes, le minime Cl\u00e9ment Claret sera au rendez-vous. La vieille garde du club jouera sa carte avec en cano\u00eb biplace v\u00e9t\u00e9rans David Bernardeau associ\u00e9 \u00e0 Olivier Bachelot. Durant ces deux journ\u00e9es, un stand buvette-alimentation sera \u00e0 la disposition du public.<\/p>\n<\/div>\n","protected":false},"excerpt":{"rendered":"<p>Source: Cessenon organise le National 3 de cano\u00eb kayak \u00e0 R\u00e9als La saison 2017 de cano\u00eb kayak est lanc\u00e9e et les athl\u00e8tes cessenonais s&#8217;entra\u00eenent pour progresser dans le classement par points afin d&#8217;atteindre les quotas d&#8217;acc\u00e8s aux championnats de France \u00e0 l&#8217;Argenti\u00e8re-la-Bess\u00e9e au mois de juillet. Les comp\u00e9titeurs sont class\u00e9s suivant leurs performances en 4 [&hellip;]<\/p>\n","protected":false},"author":1,"featured_media":2852,"comment_status":"closed","ping_status":"closed","sticky":false,"template":"","format":"standard","meta":{"footnotes":""},"categories":[105],"tags":[],"class_list":["post-3354","post","type-post","status-publish","format-standard","has-post-thumbnail","hentry","category-press"],"yoast_head":"<!-- This site is optimized with the Yoast SEO plugin v26.9 - https:\/\/yoast.com\/product\/yoast-seo-wordpress\/ -->\n<title>Cessenon organise le National 3 de cano\u00eb kayak \u00e0 R\u00e9als - R\u00e9als Cano\u00eb Kayak<\/title>\n<meta name=\"description\" content=\"Source: Cessenon organise le National 3 de cano\u00eb kayak \u00e0 R\u00e9als La saison 2017 de cano\u00eb kayak est lanc\u00e9e et les athl\u00e8tes cessenonais s&#039;entra\u00eenent pour\" \/>\n<meta name=\"robots\" content=\"index, follow, max-snippet:-1, max-image-preview:large, max-video-preview:-1\" \/>\n<link rel=\"canonical\" href=\"https:\/\/www.base-reals.com\/en\/press\/cessenon-organise-national-3-de-canoe-kayak-a-reals\/\" \/>\n<meta property=\"og:locale\" content=\"en_US\" \/>\n<meta property=\"og:type\" content=\"article\" \/>\n<meta property=\"og:title\" content=\"Cessenon organise le National 3 de cano\u00eb kayak \u00e0 R\u00e9als - R\u00e9als Cano\u00eb Kayak\" \/>\n<meta property=\"og:description\" content=\"Source: Cessenon organise le National 3 de cano\u00eb kayak \u00e0 R\u00e9als La saison 2017 de cano\u00eb kayak est lanc\u00e9e et les athl\u00e8tes cessenonais s&#039;entra\u00eenent pour\" \/>\n<meta property=\"og:url\" content=\"https:\/\/www.base-reals.com\/en\/press\/cessenon-organise-national-3-de-canoe-kayak-a-reals\/\" \/>\n<meta property=\"og:site_name\" content=\"R\u00e9als Cano\u00eb Kayak\" \/>\n<meta property=\"article:publisher\" content=\"https:\/\/www.facebook.com\/RealsCanoeKayak\/\" \/>\n<meta property=\"article:published_time\" content=\"2018-03-05T11:46:25+00:00\" \/>\n<meta property=\"og:image\" content=\"https:\/\/www.base-reals.com\/wp-content\/uploads\/2017\/04\/guilhem-viguier-du-ckcc-un-cadet-prometteur_2303850_667x333.jpg\" \/>\n\t<meta property=\"og:image:width\" content=\"667\" \/>\n\t<meta property=\"og:image:height\" content=\"333\" \/>\n\t<meta property=\"og:image:type\" content=\"image\/jpeg\" \/>\n<meta name=\"author\" content=\"R\u00e9als CK\" \/>\n<meta name=\"twitter:card\" content=\"summary_large_image\" \/>\n<meta name=\"twitter:creator\" content=\"@RealsCanoeKayak\" \/>\n<meta name=\"twitter:site\" content=\"@RealsCanoeKayak\" \/>\n<meta name=\"twitter:label1\" content=\"Written by\" \/>\n\t<meta name=\"twitter:data1\" content=\"R\u00e9als CK\" \/>\n\t<meta name=\"twitter:label2\" content=\"Est. reading time\" \/>\n\t<meta name=\"twitter:data2\" content=\"2 minutes\" \/>\n<script type=\"application\/ld+json\" class=\"yoast-schema-graph\">{\"@context\":\"https:\/\/schema.org\",\"@graph\":[{\"@type\":\"Article\",\"@id\":\"https:\/\/www.base-reals.com\/en\/press\/cessenon-organise-national-3-de-canoe-kayak-a-reals\/#article\",\"isPartOf\":{\"@id\":\"https:\/\/www.base-reals.com\/en\/press\/cessenon-organise-national-3-de-canoe-kayak-a-reals\/\"},\"author\":{\"name\":\"R\u00e9als CK\",\"@id\":\"https:\/\/www.base-reals.com\/#\/schema\/person\/ea01cc2b4726c86460e7cba4bcd8fa58\"},\"headline\":\"Cessenon organise le National 3 de cano\u00eb kayak \u00e0 R\u00e9als\",\"datePublished\":\"2018-03-05T11:46:25+00:00\",\"mainEntityOfPage\":{\"@id\":\"https:\/\/www.base-reals.com\/en\/press\/cessenon-organise-national-3-de-canoe-kayak-a-reals\/\"},\"wordCount\":316,\"publisher\":{\"@id\":\"https:\/\/www.base-reals.com\/#organization\"},\"image\":{\"@id\":\"https:\/\/www.base-reals.com\/en\/press\/cessenon-organise-national-3-de-canoe-kayak-a-reals\/#primaryimage\"},\"thumbnailUrl\":\"https:\/\/www.base-reals.com\/wp-content\/uploads\/2017\/04\/guilhem-viguier-du-ckcc-un-cadet-prometteur_2303850_667x333.jpg\",\"articleSection\":[\"Press\"],\"inLanguage\":\"en-US\"},{\"@type\":\"WebPage\",\"@id\":\"https:\/\/www.base-reals.com\/en\/press\/cessenon-organise-national-3-de-canoe-kayak-a-reals\/\",\"url\":\"https:\/\/www.base-reals.com\/en\/press\/cessenon-organise-national-3-de-canoe-kayak-a-reals\/\",\"name\":\"Cessenon organise le National 3 de cano\u00eb kayak \u00e0 R\u00e9als - R\u00e9als Cano\u00eb Kayak\",\"isPartOf\":{\"@id\":\"https:\/\/www.base-reals.com\/#website\"},\"primaryImageOfPage\":{\"@id\":\"https:\/\/www.base-reals.com\/en\/press\/cessenon-organise-national-3-de-canoe-kayak-a-reals\/#primaryimage\"},\"image\":{\"@id\":\"https:\/\/www.base-reals.com\/en\/press\/cessenon-organise-national-3-de-canoe-kayak-a-reals\/#primaryimage\"},\"thumbnailUrl\":\"https:\/\/www.base-reals.com\/wp-content\/uploads\/2017\/04\/guilhem-viguier-du-ckcc-un-cadet-prometteur_2303850_667x333.jpg\",\"datePublished\":\"2018-03-05T11:46:25+00:00\",\"description\":\"Source: Cessenon organise le National 3 de cano\u00eb kayak \u00e0 R\u00e9als La saison 2017 de cano\u00eb kayak est lanc\u00e9e et les athl\u00e8tes cessenonais s'entra\u00eenent pour\",\"breadcrumb\":{\"@id\":\"https:\/\/www.base-reals.com\/en\/press\/cessenon-organise-national-3-de-canoe-kayak-a-reals\/#breadcrumb\"},\"inLanguage\":\"en-US\",\"potentialAction\":[{\"@type\":\"ReadAction\",\"target\":[\"https:\/\/www.base-reals.com\/en\/press\/cessenon-organise-national-3-de-canoe-kayak-a-reals\/\"]}]},{\"@type\":\"ImageObject\",\"inLanguage\":\"en-US\",\"@id\":\"https:\/\/www.base-reals.com\/en\/press\/cessenon-organise-national-3-de-canoe-kayak-a-reals\/#primaryimage\",\"url\":\"https:\/\/www.base-reals.com\/wp-content\/uploads\/2017\/04\/guilhem-viguier-du-ckcc-un-cadet-prometteur_2303850_667x333.jpg\",\"contentUrl\":\"https:\/\/www.base-reals.com\/wp-content\/uploads\/2017\/04\/guilhem-viguier-du-ckcc-un-cadet-prometteur_2303850_667x333.jpg\",\"width\":667,\"height\":333},{\"@type\":\"BreadcrumbList\",\"@id\":\"https:\/\/www.base-reals.com\/en\/press\/cessenon-organise-national-3-de-canoe-kayak-a-reals\/#breadcrumb\",\"itemListElement\":[{\"@type\":\"ListItem\",\"position\":1,\"name\":\"Accueil\",\"item\":\"https:\/\/www.base-reals.com\/en\/\"},{\"@type\":\"ListItem\",\"position\":2,\"name\":\"Cessenon organise le National 3 de cano\u00eb kayak \u00e0 R\u00e9als\"}]},{\"@type\":\"WebSite\",\"@id\":\"https:\/\/www.base-reals.com\/#website\",\"url\":\"https:\/\/www.base-reals.com\/\",\"name\":\"R\u00e9als Cano\u00eb Kayak\",\"description\":\"Location de cano\u00eb dans la vall\u00e9e de l&#039;Orb, Cessenon sur Orb.\",\"publisher\":{\"@id\":\"https:\/\/www.base-reals.com\/#organization\"},\"potentialAction\":[{\"@type\":\"SearchAction\",\"target\":{\"@type\":\"EntryPoint\",\"urlTemplate\":\"https:\/\/www.base-reals.com\/?s={search_term_string}\"},\"query-input\":{\"@type\":\"PropertyValueSpecification\",\"valueRequired\":true,\"valueName\":\"search_term_string\"}}],\"inLanguage\":\"en-US\"},{\"@type\":\"Organization\",\"@id\":\"https:\/\/www.base-reals.com\/#organization\",\"name\":\"R\u00e9als Cano\u00eb Kayak\",\"url\":\"https:\/\/www.base-reals.com\/\",\"logo\":{\"@type\":\"ImageObject\",\"inLanguage\":\"en-US\",\"@id\":\"https:\/\/www.base-reals.com\/#\/schema\/logo\/image\/\",\"url\":\"https:\/\/www.base-reals.com\/wp-content\/uploads\/2017\/04\/canoe-reals-logo.png\",\"contentUrl\":\"https:\/\/www.base-reals.com\/wp-content\/uploads\/2017\/04\/canoe-reals-logo.png\",\"width\":519,\"height\":448,\"caption\":\"R\u00e9als Cano\u00eb Kayak\"},\"image\":{\"@id\":\"https:\/\/www.base-reals.com\/#\/schema\/logo\/image\/\"},\"sameAs\":[\"https:\/\/www.facebook.com\/RealsCanoeKayak\/\",\"https:\/\/x.com\/RealsCanoeKayak\",\"https:\/\/fr.pinterest.com\/realscanoekayak\/\",\"https:\/\/www.youtube.com\/user\/realscanoekayak\"]},{\"@type\":\"Person\",\"@id\":\"https:\/\/www.base-reals.com\/#\/schema\/person\/ea01cc2b4726c86460e7cba4bcd8fa58\",\"name\":\"R\u00e9als CK\",\"image\":{\"@type\":\"ImageObject\",\"inLanguage\":\"en-US\",\"@id\":\"https:\/\/www.base-reals.com\/#\/schema\/person\/image\/\",\"url\":\"https:\/\/secure.gravatar.com\/avatar\/1700654a60f5c515d78ff8cdf2a9332fda38abe91c36d4a4c22cfbe0616c9815?s=96&d=mm&r=g\",\"contentUrl\":\"https:\/\/secure.gravatar.com\/avatar\/1700654a60f5c515d78ff8cdf2a9332fda38abe91c36d4a4c22cfbe0616c9815?s=96&d=mm&r=g\",\"caption\":\"R\u00e9als CK\"}}]}<\/script>\n<!-- \/ Yoast SEO plugin. -->","yoast_head_json":{"title":"Cessenon organise le National 3 de cano\u00eb kayak \u00e0 R\u00e9als - R\u00e9als Cano\u00eb Kayak","description":"Source: Cessenon organise le National 3 de cano\u00eb kayak \u00e0 R\u00e9als La saison 2017 de cano\u00eb kayak est lanc\u00e9e et les athl\u00e8tes cessenonais s'entra\u00eenent pour","robots":{"index":"index","follow":"follow","max-snippet":"max-snippet:-1","max-image-preview":"max-image-preview:large","max-video-preview":"max-video-preview:-1"},"canonical":"https:\/\/www.base-reals.com\/en\/press\/cessenon-organise-national-3-de-canoe-kayak-a-reals\/","og_locale":"en_US","og_type":"article","og_title":"Cessenon organise le National 3 de cano\u00eb kayak \u00e0 R\u00e9als - R\u00e9als Cano\u00eb Kayak","og_description":"Source: Cessenon organise le National 3 de cano\u00eb kayak \u00e0 R\u00e9als La saison 2017 de cano\u00eb kayak est lanc\u00e9e et les athl\u00e8tes cessenonais s'entra\u00eenent pour","og_url":"https:\/\/www.base-reals.com\/en\/press\/cessenon-organise-national-3-de-canoe-kayak-a-reals\/","og_site_name":"R\u00e9als Cano\u00eb Kayak","article_publisher":"https:\/\/www.facebook.com\/RealsCanoeKayak\/","article_published_time":"2018-03-05T11:46:25+00:00","og_image":[{"width":667,"height":333,"url":"https:\/\/www.base-reals.com\/wp-content\/uploads\/2017\/04\/guilhem-viguier-du-ckcc-un-cadet-prometteur_2303850_667x333.jpg","type":"image\/jpeg"}],"author":"R\u00e9als CK","twitter_card":"summary_large_image","twitter_creator":"@RealsCanoeKayak","twitter_site":"@RealsCanoeKayak","twitter_misc":{"Written by":"R\u00e9als CK","Est. reading time":"2 minutes"},"schema":{"@context":"https:\/\/schema.org","@graph":[{"@type":"Article","@id":"https:\/\/www.base-reals.com\/en\/press\/cessenon-organise-national-3-de-canoe-kayak-a-reals\/#article","isPartOf":{"@id":"https:\/\/www.base-reals.com\/en\/press\/cessenon-organise-national-3-de-canoe-kayak-a-reals\/"},"author":{"name":"R\u00e9als CK","@id":"https:\/\/www.base-reals.com\/#\/schema\/person\/ea01cc2b4726c86460e7cba4bcd8fa58"},"headline":"Cessenon organise le National 3 de cano\u00eb kayak \u00e0 R\u00e9als","datePublished":"2018-03-05T11:46:25+00:00","mainEntityOfPage":{"@id":"https:\/\/www.base-reals.com\/en\/press\/cessenon-organise-national-3-de-canoe-kayak-a-reals\/"},"wordCount":316,"publisher":{"@id":"https:\/\/www.base-reals.com\/#organization"},"image":{"@id":"https:\/\/www.base-reals.com\/en\/press\/cessenon-organise-national-3-de-canoe-kayak-a-reals\/#primaryimage"},"thumbnailUrl":"https:\/\/www.base-reals.com\/wp-content\/uploads\/2017\/04\/guilhem-viguier-du-ckcc-un-cadet-prometteur_2303850_667x333.jpg","articleSection":["Press"],"inLanguage":"en-US"},{"@type":"WebPage","@id":"https:\/\/www.base-reals.com\/en\/press\/cessenon-organise-national-3-de-canoe-kayak-a-reals\/","url":"https:\/\/www.base-reals.com\/en\/press\/cessenon-organise-national-3-de-canoe-kayak-a-reals\/","name":"Cessenon organise le National 3 de cano\u00eb kayak \u00e0 R\u00e9als - R\u00e9als Cano\u00eb Kayak","isPartOf":{"@id":"https:\/\/www.base-reals.com\/#website"},"primaryImageOfPage":{"@id":"https:\/\/www.base-reals.com\/en\/press\/cessenon-organise-national-3-de-canoe-kayak-a-reals\/#primaryimage"},"image":{"@id":"https:\/\/www.base-reals.com\/en\/press\/cessenon-organise-national-3-de-canoe-kayak-a-reals\/#primaryimage"},"thumbnailUrl":"https:\/\/www.base-reals.com\/wp-content\/uploads\/2017\/04\/guilhem-viguier-du-ckcc-un-cadet-prometteur_2303850_667x333.jpg","datePublished":"2018-03-05T11:46:25+00:00","description":"Source: Cessenon organise le National 3 de cano\u00eb kayak \u00e0 R\u00e9als La saison 2017 de cano\u00eb kayak est lanc\u00e9e et les athl\u00e8tes cessenonais s'entra\u00eenent pour","breadcrumb":{"@id":"https:\/\/www.base-reals.com\/en\/press\/cessenon-organise-national-3-de-canoe-kayak-a-reals\/#breadcrumb"},"inLanguage":"en-US","potentialAction":[{"@type":"ReadAction","target":["https:\/\/www.base-reals.com\/en\/press\/cessenon-organise-national-3-de-canoe-kayak-a-reals\/"]}]},{"@type":"ImageObject","inLanguage":"en-US","@id":"https:\/\/www.base-reals.com\/en\/press\/cessenon-organise-national-3-de-canoe-kayak-a-reals\/#primaryimage","url":"https:\/\/www.base-reals.com\/wp-content\/uploads\/2017\/04\/guilhem-viguier-du-ckcc-un-cadet-prometteur_2303850_667x333.jpg","contentUrl":"https:\/\/www.base-reals.com\/wp-content\/uploads\/2017\/04\/guilhem-viguier-du-ckcc-un-cadet-prometteur_2303850_667x333.jpg","width":667,"height":333},{"@type":"BreadcrumbList","@id":"https:\/\/www.base-reals.com\/en\/press\/cessenon-organise-national-3-de-canoe-kayak-a-reals\/#breadcrumb","itemListElement":[{"@type":"ListItem","position":1,"name":"Accueil","item":"https:\/\/www.base-reals.com\/en\/"},{"@type":"ListItem","position":2,"name":"Cessenon organise le National 3 de cano\u00eb kayak \u00e0 R\u00e9als"}]},{"@type":"WebSite","@id":"https:\/\/www.base-reals.com\/#website","url":"https:\/\/www.base-reals.com\/","name":"R\u00e9als Cano\u00eb Kayak","description":"Location de cano\u00eb dans la vall\u00e9e de l&#039;Orb, Cessenon sur Orb.","publisher":{"@id":"https:\/\/www.base-reals.com\/#organization"},"potentialAction":[{"@type":"SearchAction","target":{"@type":"EntryPoint","urlTemplate":"https:\/\/www.base-reals.com\/?s={search_term_string}"},"query-input":{"@type":"PropertyValueSpecification","valueRequired":true,"valueName":"search_term_string"}}],"inLanguage":"en-US"},{"@type":"Organization","@id":"https:\/\/www.base-reals.com\/#organization","name":"R\u00e9als Cano\u00eb Kayak","url":"https:\/\/www.base-reals.com\/","logo":{"@type":"ImageObject","inLanguage":"en-US","@id":"https:\/\/www.base-reals.com\/#\/schema\/logo\/image\/","url":"https:\/\/www.base-reals.com\/wp-content\/uploads\/2017\/04\/canoe-reals-logo.png","contentUrl":"https:\/\/www.base-reals.com\/wp-content\/uploads\/2017\/04\/canoe-reals-logo.png","width":519,"height":448,"caption":"R\u00e9als Cano\u00eb Kayak"},"image":{"@id":"https:\/\/www.base-reals.com\/#\/schema\/logo\/image\/"},"sameAs":["https:\/\/www.facebook.com\/RealsCanoeKayak\/","https:\/\/x.com\/RealsCanoeKayak","https:\/\/fr.pinterest.com\/realscanoekayak\/","https:\/\/www.youtube.com\/user\/realscanoekayak"]},{"@type":"Person","@id":"https:\/\/www.base-reals.com\/#\/schema\/person\/ea01cc2b4726c86460e7cba4bcd8fa58","name":"R\u00e9als CK","image":{"@type":"ImageObject","inLanguage":"en-US","@id":"https:\/\/www.base-reals.com\/#\/schema\/person\/image\/","url":"https:\/\/secure.gravatar.com\/avatar\/1700654a60f5c515d78ff8cdf2a9332fda38abe91c36d4a4c22cfbe0616c9815?s=96&d=mm&r=g","contentUrl":"https:\/\/secure.gravatar.com\/avatar\/1700654a60f5c515d78ff8cdf2a9332fda38abe91c36d4a4c22cfbe0616c9815?s=96&d=mm&r=g","caption":"R\u00e9als CK"}}]}},"_links":{"self":[{"href":"https:\/\/www.base-reals.com\/en\/wp-json\/wp\/v2\/posts\/3354","targetHints":{"allow":["GET"]}}],"collection":[{"href":"https:\/\/www.base-reals.com\/en\/wp-json\/wp\/v2\/posts"}],"about":[{"href":"https:\/\/www.base-reals.com\/en\/wp-json\/wp\/v2\/types\/post"}],"author":[{"embeddable":true,"href":"https:\/\/www.base-reals.com\/en\/wp-json\/wp\/v2\/users\/1"}],"replies":[{"embeddable":true,"href":"https:\/\/www.base-reals.com\/en\/wp-json\/wp\/v2\/comments?post=3354"}],"version-history":[{"count":0,"href":"https:\/\/www.base-reals.com\/en\/wp-json\/wp\/v2\/posts\/3354\/revisions"}],"wp:featuredmedia":[{"embeddable":true,"href":"https:\/\/www.base-reals.com\/en\/wp-json\/wp\/v2\/media\/2852"}],"wp:attachment":[{"href":"https:\/\/www.base-reals.com\/en\/wp-json\/wp\/v2\/media?parent=3354"}],"wp:term":[{"taxonomy":"category","embeddable":true,"href":"https:\/\/www.base-reals.com\/en\/wp-json\/wp\/v2\/categories?post=3354"},{"taxonomy":"post_tag","embeddable":true,"href":"https:\/\/www.base-reals.com\/en\/wp-json\/wp\/v2\/tags?post=3354"}],"curies":[{"name":"wp","href":"https:\/\/api.w.org\/{rel}","templated":true}]}}